{"id":1184,"date":"2019-07-31T17:45:09","date_gmt":"2019-07-31T15:45:09","guid":{"rendered":"http:\/\/www.przyladekhistorii.pl\/?p=1184"},"modified":"2020-02-09T20:59:35","modified_gmt":"2020-02-09T19:59:35","slug":"kapliczka-fasadowa-przy-ul-wiejskiej","status":"publish","type":"post","link":"http:\/\/www.przyladekhistorii.pl\/index.php\/2019\/07\/31\/kapliczka-fasadowa-przy-ul-wiejskiej\/","title":{"rendered":"Kapliczka fasadowa przy ul. Wiejskiej"},"content":{"rendered":"<p style=\"text-align: justify;\">Przy ulicy Wiejskiej znajduje si\u0119 skromna kapliczka, kt\u00f3rej powstanie datowane jest na XIX wiek. W 2008 roku z inicjatywy Grzegorza, jednego z mieszka\u0144c\u00f3w ulicy Wiejskiej, zainicjowano remont tego obiektu sakralnego. W trakcie prac remontowych odkryto za eksponowanym w\u00f3wczas w kapliczce obrazem, drugi obraz &#8211; malowany na desce z wizerunkiem Matki Boskiej z Dzieci\u0105tkiem. Autor obrazu pozostaje nieznany. Na odwrocie dzie\u0142a s\u0105 natomiast informacje dotycz\u0105ce jego dwukrotnej renowacji dokonanej przez Eduarda Riemanna.<\/p>\n<figure id=\"attachment_1174\" aria-describedby=\"caption-attachment-1174\" style=\"width: 800px\" class=\"wp-caption aligncenter\"><img loading=\"lazy\" class=\"wp-image-1174 size-full\" src=\"http:\/\/www.przyladekhistorii.pl\/wp-content\/uploads\/2019\/07\/kapliczka07.jpg\" alt=\"\" width=\"800\" height=\"600\" srcset=\"http:\/\/www.przyladekhistorii.pl\/wp-content\/uploads\/2019\/07\/kapliczka07.jpg 800w, http:\/\/www.przyladekhistorii.pl\/wp-content\/uploads\/2019\/07\/kapliczka07-300x225.jpg 300w, http:\/\/www.przyladekhistorii.pl\/wp-content\/uploads\/2019\/07\/kapliczka07-768x576.jpg 768w, http:\/\/www.przyladekhistorii.pl\/wp-content\/uploads\/2019\/07\/kapliczka07-360x270.jpg 360w\" sizes=\"(max-width: 800px) 100vw, 800px\" \/><figcaption id=\"caption-attachment-1174\" class=\"wp-caption-text\">Zdj\u0119cie ze strony https:\/\/polska-org.pl autorstwa gps\u00b0.<\/figcaption><\/figure>\n<blockquote>\n<p style=\"text-align: justify;\"><strong>Ed.Reimann<\/strong><br \/>\n<strong>renov.pinx. 18 M<b>\u00e4<\/b>rz 1869<\/strong><\/p>\n<\/blockquote>\n<p style=\"text-align: justify;\">oraz druga renowacja dokonana r\u0119k\u0105 tego samego konserwatora<\/p>\n<blockquote>\n<p style=\"text-align: justify;\"><strong>Renovirt auf d.letzen Wunsch meines Bruders<\/strong><br \/>\n<strong>Carl, an seinem Todestage 16.Septemb. 1909<\/strong><br \/>\n<strong>Ed.R.<\/strong><br \/>\n\/Odnowiony wed\u0142ug ostatniego \u017cyczenia mojego brata<br \/>\nCarla, w dniu \u015bmierci 16. wrze\u015b. 1909<br \/>\nEd.R.\/<\/p>\n<\/blockquote>\n<p style=\"text-align: justify;\">Pr\u00f3bowa\u0142em znale\u017a\u0107 informacje kim by\u0142 Eduard Reimann. W ksi\u0105\u017cce Jana Sakwerda &#8220;Arty\u015bci Ziemi K\u0142odzkiej i z Ziemi\u0105 K\u0142odzk\u0105 zwi\u0105zani w latach 1800-1945. Tom II&#8221; s\u0105 informacje o malarzu i konserwatorze dzie\u0142 sztuki z L\u0105dka-Zdroju o nazwisku Reimann, nosi on jednak imi\u0119 Ignatz. Czas jego dzia\u0142alno\u015bci przypada jednak dok\u0142adnie na okres renowacji obrazu z kapliczki przy ul. Wiejskiej.<br \/>\nIgnatz Reimann przeprowadzi\u0142 m.in konserwacj\u0119 figur \u015bwi\u0119tych, autorstwa Micha\u0142a Klahra st. w Boles\u0142awowie (1873), wykona\u0142 polichromi\u0119 neogotyckiej ambony, autorstwa Albrechta Thamma, w Bystrzycy K\u0142odzkiej (1874) czy te\u017c konserwowa\u0142 o\u0142tarze w ko\u015bciele parafialnym w Mi\u0119dzylesiu (1882). Niestety, przy ka\u017cdym opisie prac przy dzie\u0142ach jakie opisa\u0142em znajduje si\u0119 lakoniczna informacja &#8211; wykona\u0142\/odnowi\u0142 malarz Reimann z L\u0105dka, bez podania imienia.<br \/>\nEduard Reimann natomiast konserwowa\u0142 krzy\u017c wisz\u0105cy niegdy\u015b obok arboretum (1888 r.), czy te\u017c odnawia\u0142 figury z G\u00f3ry Oliwnej w Boles\u0142awowie (1873 r.).<br \/>\nCzy Eduard i Ignatz byli spokrewnieni? Czy mo\u017ce to ta sama osoba u\u017cywaj\u0105ca dw\u00f3ch imion? Na chwil\u0119 obecn\u0105 trudno to stwierdzi\u0107.<\/p>\n<p style=\"text-align: justify;\"><img loading=\"lazy\" class=\"aligncenter wp-image-1168 size-full\" src=\"http:\/\/www.przyladekhistorii.pl\/wp-content\/uploads\/2019\/07\/kapliczka01.jpg\" alt=\"\" width=\"600\" height=\"802\" srcset=\"http:\/\/www.przyladekhistorii.pl\/wp-content\/uploads\/2019\/07\/kapliczka01.jpg 600w, http:\/\/www.przyladekhistorii.pl\/wp-content\/uploads\/2019\/07\/kapliczka01-224x300.jpg 224w, http:\/\/www.przyladekhistorii.pl\/wp-content\/uploads\/2019\/07\/kapliczka01-202x270.jpg 202w\" sizes=\"(max-width: 600px) 100vw, 600px\" \/><br \/>\nWracaj\u0105c za\u015b do kapliczki &#8211; 10 lat temu (15 sierpnia 2009 r.) po\u015bwi\u0119cenia wyremontowanej kapliczki z kopi\u0105 obrazu (orygina\u0142 zosta\u0142 zdeponowany na parafii) dokona\u0142 ksi\u0105dz Marek Po\u0142ochaj\u0142o. Wykonanie kopii obrazu ufundowali mieszka\u0144cy ul. Wiejskiej.<\/p>\n<p>\/Zdj\u0119cie 7 i 8 w galerii pochodz\u0105 ze strony <a href=\"https:\/\/polska-org.pl\">https:\/\/polska-org.pl<\/a> i s\u0105 autorstwa gps\u00b0\/<\/p>\n<p style=\"text-align: center;\">[supsystic-gallery id=37 position=center]<\/p>\n","protected":false},"excerpt":{"rendered":"<p>Przy ulicy Wiejskiej znajduje si\u0119 skromna kapliczka, kt\u00f3rej powstanie datowane jest na XIX wiek. W 2008 roku z inicjatywy Grzegorza, jednego z mieszka\u0144c\u00f3w ulicy Wiejskiej, zainicjowano remont tego obiektu sakralnego. W trakcie prac remontowych odkryto za eksponowanym w\u00f3wczas w kapliczce obrazem, drugi obraz &#8211; malowany na desce z wizerunkiem Matki Boskiej z Dzieci\u0105tkiem. Autor obrazu pozostaje nieznany. Na odwrocie dzie\u0142a s\u0105 natomiast informacje dotycz\u0105ce jego dwukrotnej renowacji dokonanej przez Eduarda Riemanna. Ed.Reimann renov.pinx. 18 M\u00e4rz 1869 oraz druga renowacja dokonana&#8230;<\/p>\n<p class=\"read-more\"><a class=\"btn btn-default\" href=\"http:\/\/www.przyladekhistorii.pl\/index.php\/2019\/07\/31\/kapliczka-fasadowa-przy-ul-wiejskiej\/\"> Read More<span class=\"screen-reader-text\">  Read More<\/span><\/a><\/p>\n","protected":false},"author":1,"featured_media":1170,"comment_status":"open","ping_status":"open","sticky":false,"template":"","format":"standard","meta":[],"categories":[23,22],"tags":[],"_links":{"self":[{"href":"http:\/\/www.przyladekhistorii.pl\/index.php\/wp-json\/wp\/v2\/posts\/1184"}],"collection":[{"href":"http:\/\/www.przyladekhistorii.pl\/index.php\/wp-json\/wp\/v2\/posts"}],"about":[{"href":"http:\/\/www.przyladekhistorii.pl\/index.php\/wp-json\/wp\/v2\/types\/post"}],"author":[{"embeddable":true,"href":"http:\/\/www.przyladekhistorii.pl\/index.php\/wp-json\/wp\/v2\/users\/1"}],"replies":[{"embeddable":true,"href":"http:\/\/www.przyladekhistorii.pl\/index.php\/wp-json\/wp\/v2\/comments?post=1184"}],"version-history":[{"count":2,"href":"http:\/\/www.przyladekhistorii.pl\/index.php\/wp-json\/wp\/v2\/posts\/1184\/revisions"}],"predecessor-version":[{"id":1851,"href":"http:\/\/www.przyladekhistorii.pl\/index.php\/wp-json\/wp\/v2\/posts\/1184\/revisions\/1851"}],"wp:featuredmedia":[{"embeddable":true,"href":"http:\/\/www.przyladekhistorii.pl\/index.php\/wp-json\/wp\/v2\/media\/1170"}],"wp:attachment":[{"href":"http:\/\/www.przyladekhistorii.pl\/index.php\/wp-json\/wp\/v2\/media?parent=1184"}],"wp:term":[{"taxonomy":"category","embeddable":true,"href":"http:\/\/www.przyladekhistorii.pl\/index.php\/wp-json\/wp\/v2\/categories?post=1184"},{"taxonomy":"post_tag","embeddable":true,"href":"http:\/\/www.przyladekhistorii.pl\/index.php\/wp-json\/wp\/v2\/tags?post=1184"}],"curies":[{"name":"wp","href":"https:\/\/api.w.org\/{rel}","templated":true}]}}