{"id":2305,"date":"2020-07-07T18:37:05","date_gmt":"2020-07-07T16:37:05","guid":{"rendered":"http:\/\/www.przyladekhistorii.pl\/?p=2305"},"modified":"2020-07-08T18:37:26","modified_gmt":"2020-07-08T16:37:26","slug":"ksiadz-maximilian-lipka","status":"publish","type":"post","link":"http:\/\/www.przyladekhistorii.pl\/index.php\/2020\/07\/07\/ksiadz-maximilian-lipka\/","title":{"rendered":"Ksi\u0105dz Maximilian Lipka"},"content":{"rendered":"<p style=\"text-align: justify;\">Ksi\u0105dz <strong><u>Maximilian Lipka <\/u><\/strong>&#8211; urodzi\u0142 si\u0119 25 pa\u017adziernika 1874 w Wriezen (obecnie powiat M\u00e4rkisch-Oderland, land Brandenburgia). Nie uda\u0142o nam si\u0119 dotrze\u0107 do tego jakie imi\u0119 nosi\u0142 jego ojciec, matk\u0105 by\u0142a Antonie z domu Steike.<br \/>\nMaximilian \u015bwi\u0119cenia kap\u0142a\u0144skie przyj\u0105\u0142 20 czerwca 1903 roku i sprawowa\u0142 pos\u0142ug\u0119 w parafiach:<\/p>\n<ol style=\"text-align: justify;\">\n<li>Ko\u015bci\u00f3\u0142 pw. \u015bw. Franciszka z Asy\u017cu, Zaborze-Zabrze, Kreis Zabrze, 03.10.1903 &#8211; 20.11.1904;<\/li>\n<li>St.-Michael-Kirche (Ko\u015bci\u00f3\u0142 Archanio\u0142a Micha\u0142a), Berlin, 20.11.1904 &#8211; 17.01.1908;<\/li>\n<li>Heilig Kreuz (ko\u015bci\u00f3\u0142 \u015awi\u0119tego Krzy\u017ca), Wittstock, Kreis Ostprignitz, Missionspfarrei 17.01.1908 &#8211; 15.03.1915;<\/li>\n<li>Kirche St. Heinrich (Ko\u015bci\u00f3\u0142 \u015bw. Henryka), Wittenberge, Bez. Potsdam, Kreis Westprignitz 25.03.1915 &#8211; 06.02.1922;<\/li>\n<\/ol>\n<p style=\"text-align: justify;\">B\u0119d\u0105c proboszczem w Wittstocku przyczyni\u0142 si\u0119 do budowy tamtejszego ko\u015bcio\u0142a \u015awi\u0119tego Krzy\u017ca (konsekracja nowej \u015bwi\u0105tyni mia\u0142a miejsce 2 lipca 1911 r.).<br \/>\nProboszczem parafii w Witenberdze zosta\u0142 po \u015bmierci swojego poprzednika, ksi\u0119dza Fiedlera. Podczas pos\u0142ugi kap\u0142a\u0144skiej w parafii \u015bw. Henryka, kt\u00f3ra przypad\u0142a na okres I wojny \u015bwiatowej, dosz\u0142o do zarekwirowania w 1917 roku przez w\u0142adze cesarstwa na potrzeby wojenne wielkich organ\u00f3w i dw\u00f3ch dzwon\u00f3w.<br \/>\nW trakcie pos\u0142ugi w parafii nie uk\u0142ada\u0142a si\u0119 wsp\u00f3\u0142praca pomi\u0119dzy Proboszczem ks. Lipk\u0105 a wsp\u00f3lnot\u0105 parafialn\u0105. Tak\u017ce pracuj\u0105cy w parafii ksi\u0119\u017ca skar\u017cyli si\u0119 na metody ks. Lipki. Spowodowane mia\u0142o to by\u0107 cz\u0119stymi chorobami ks. Lipki. Taka sytuacja bardzo utrudnia\u0142a \u017cycie ksi\u0119dzu.<\/p>\n<figure id=\"attachment_2302\" aria-describedby=\"caption-attachment-2302\" style=\"width: 384px\" class=\"wp-caption aligncenter\"><img loading=\"lazy\" class=\"wp-image-2302 size-full\" src=\"http:\/\/www.przyladekhistorii.pl\/wp-content\/uploads\/2020\/07\/lz13.jpg\" alt=\"\" width=\"384\" height=\"577\" srcset=\"http:\/\/www.przyladekhistorii.pl\/wp-content\/uploads\/2020\/07\/lz13.jpg 384w, http:\/\/www.przyladekhistorii.pl\/wp-content\/uploads\/2020\/07\/lz13-200x300.jpg 200w, http:\/\/www.przyladekhistorii.pl\/wp-content\/uploads\/2020\/07\/lz13-180x270.jpg 180w\" sizes=\"(max-width: 384px) 100vw, 384px\" \/><figcaption id=\"caption-attachment-2302\" class=\"wp-caption-text\">Stan nagrobka przed rozpocz\u0119ciem prac.<\/figcaption><\/figure>\n<p style=\"text-align: justify;\">Na pocz\u0105tku 1922 roku ksi\u0105dz Lipka trafi\u0142 do szpitala, gdzie musia\u0142 podda\u0107 si\u0119 z powodu raka operacji perforacji \u017co\u0142\u0105dka. Zmar\u0142 po operacji, 6 lutego 1922 roku, z powodu niewydolno\u015bci serca. Wiadomo\u015b\u0107 o \u015bmierci proboszcza zaskoczy\u0142a wsp\u00f3lnot\u0119 parafialn\u0105, gdy\u017c ukrywa\u0142 on sw\u00f3j stan do samego ko\u0144ca. Msz\u0119 \u017ca\u0142obn\u0105 w Wittenberdze odprawi\u0142 arcybiskup Gohr z Perlebergu. Z powodu strajku na kolei niemieckiej zw\u0142oki ksi\u0119dza Maximiliana Lipki musia\u0142y jeszcze ponad tydzie\u0144 czeka\u0107 na transport do L\u0105dka-Zdroju. Pogrzeb w L\u0105dku-Zdroju mia\u0142 miejsce w pi\u0105tek, 17 lutego 1922 roku.<\/p>\n<p style=\"text-align: justify;\"><img loading=\"lazy\" class=\"wp-image-2304 size-full aligncenter\" src=\"http:\/\/www.przyladekhistorii.pl\/wp-content\/uploads\/2020\/07\/por\u00f3wnanie2.jpg\" alt=\"\" width=\"777\" height=\"723\" srcset=\"http:\/\/www.przyladekhistorii.pl\/wp-content\/uploads\/2020\/07\/por\u00f3wnanie2.jpg 777w, http:\/\/www.przyladekhistorii.pl\/wp-content\/uploads\/2020\/07\/por\u00f3wnanie2-300x279.jpg 300w, http:\/\/www.przyladekhistorii.pl\/wp-content\/uploads\/2020\/07\/por\u00f3wnanie2-768x715.jpg 768w, http:\/\/www.przyladekhistorii.pl\/wp-content\/uploads\/2020\/07\/por\u00f3wnanie2-290x270.jpg 290w\" sizes=\"(max-width: 777px) 100vw, 777px\" \/><br \/>\nBardzo d\u0142ugo zastanawia\u0142 nas fakt poch\u00f3wku ksi\u0119dza w L\u0105dku. Nie pochodzi\u0142 z tych stron, nie sprawowa\u0142 tu pos\u0142ugi. W ksi\u0119gach ko\u015bcielnych czy kronice parafii z Wittenbergi nie by\u0142o s\u0142owa o przyczynach takiego stanu rzeczy. Zas\u0142yszana historia m\u00f3wi\u0142a, \u017ce spocz\u0105\u0142 na swoje \u017cyczenie, wyra\u017cone w testamencie, w grobie swojej matki. Przeszukali\u015bmy ksi\u0119gi parafialne z lat wcze\u015bniejszych, \u017ceby odnale\u017a\u0107 potwierdzenie tej historii. \u017badna pani Lipka jednak\u017ce nie zmar\u0142a przed 1922 rokiem w L\u0105dku-Zdroju.<\/p>\n<p style=\"text-align: justify;\"><img loading=\"lazy\" class=\"aligncenter wp-image-2301 size-full\" src=\"http:\/\/www.przyladekhistorii.pl\/wp-content\/uploads\/2020\/07\/2019-12-24_092909.jpg\" alt=\"\" width=\"621\" height=\"542\" srcset=\"http:\/\/www.przyladekhistorii.pl\/wp-content\/uploads\/2020\/07\/2019-12-24_092909.jpg 621w, http:\/\/www.przyladekhistorii.pl\/wp-content\/uploads\/2020\/07\/2019-12-24_092909-300x262.jpg 300w, http:\/\/www.przyladekhistorii.pl\/wp-content\/uploads\/2020\/07\/2019-12-24_092909-309x270.jpg 309w\" sizes=\"(max-width: 621px) 100vw, 621px\" \/><br \/>\nZ pomoc\u0105 dopiero przysz\u0142a publikacja w Internecie l\u0105deckiej prasy sprzed 1945 roku. Nekrolog z Landecker Stadtblatt. Oeffentlicher Anzeiger f\u00fcr die Grafschaft Glatz (nr 7 z 15 lutego 1922) wspomina o nim jako synu, bracie, szwagrze i wujku. Tak wi\u0119c w L\u0105dku-Zdroju mieszka\u0142a jego najbli\u017csza rodzina, w tym \u017cyj\u0105ca w\u00f3wczas jeszcze matka, Antoine (zmar\u0142a w 1928 roku). Najprawdopodobniej bratem Maximiliana by\u0142 mieszkaj\u0105cy jeszcze w 1942 roku w L\u0105dku-Zdroju przy ulicy Nordenflychtstr. (Spacerowej) 8 Waldemar Lipka, powiatowy radca (inspektor) budowlany. Skr\u00f3t przy nazwisku a.D (au\u00dfer Dienst), kt\u00f3ry pojawia si\u0119 w ksi\u0119dze adresowej oznacza, \u017ce by\u0142 w\u00f3wczas ju\u017c na emeryturze. Nie zmar\u0142 raczej w L\u0105dku, bo nie znalaz\u0142em wpisu o jego \u015bmierci w alfabetycznej ksi\u0119dze zmar\u0142ych w parafii L\u0105dek-Zdr\u00f3j.<\/p>\n<p style=\"text-align: justify;\"><img loading=\"lazy\" class=\"aligncenter wp-image-2303 size-full\" src=\"http:\/\/www.przyladekhistorii.pl\/wp-content\/uploads\/2020\/07\/por\u00f3wnanie.jpg\" alt=\"\" width=\"777\" height=\"600\" srcset=\"http:\/\/www.przyladekhistorii.pl\/wp-content\/uploads\/2020\/07\/por\u00f3wnanie.jpg 777w, http:\/\/www.przyladekhistorii.pl\/wp-content\/uploads\/2020\/07\/por\u00f3wnanie-300x232.jpg 300w, http:\/\/www.przyladekhistorii.pl\/wp-content\/uploads\/2020\/07\/por\u00f3wnanie-768x593.jpg 768w, http:\/\/www.przyladekhistorii.pl\/wp-content\/uploads\/2020\/07\/por\u00f3wnanie-350x270.jpg 350w\" sizes=\"(max-width: 777px) 100vw, 777px\" \/><br \/>\nGr\u00f3b matki ksi\u0119dza Lipki nie zachowa\u0142 si\u0119, nie wiadomo nawet czy by\u0142a pochowana gdzie\u015b obok syna. Gr\u00f3b ksi\u0119dza przetrwa\u0142 okres usuwania niemieckich nagrobk\u00f3w. Nie wiadomo jak si\u0119 to sta\u0142o, bo nagrobki innych duchownych znikn\u0119\u0142y.<br \/>\nW zesz\u0142ym roku staraniem L\u0105deckiego Towarzystwa Historyczno-Eksploracyjnego rozpocz\u0105\u0142 si\u0119 proces przywr\u00f3cenia w\u0142a\u015bciwego wygl\u0105du miejsca poch\u00f3wku ks. Lipki. Jak bardzo zmieni\u0142o si\u0119 to miejsce wystarczy zobaczy\u0107 na zdj\u0119ciach. Co nas mobilizowa\u0142o do pracy? Ch\u0119\u0107 przywr\u00f3cenia spo\u0142ecznej pami\u0119ci osoby ksi\u0119dza Lipki, mimo, i\u017c nie by\u0142 l\u0105dczaninem. Do tej pory odnowili\u015bmy dwa groby \u2013 Marii Sierpi\u0144skiej i W\u0142adys\u0142awa Lito\u0144skiego. Przysz\u0142a pora na gr\u00f3b niemiecki, bo L\u0105dek-Zdr\u00f3j mia\u0142 w swojej historii rozdzia\u0142 niemiecki, a od 75 lat konsekwentnie pisze rozdzia\u0142 polski. Oba s\u0105 ze sob\u0105 nierozerwalnie powi\u0105zane, a jeden wynika z drugiego i nie da si\u0119 wygumkowa\u0107 przesz\u0142o\u015bci.<\/p>\n<p style=\"text-align: justify;\">Ca\u0142a akcja nie by\u0142aby mo\u017cliwa, gdyby nie kolektywna praca wielu os\u00f3b. Poni\u017cej ich lista, je\u015bli kogo\u015b pomin\u0105\u0142em to z g\u00f3ry przepraszam.<br \/>\n<strong>Pawe\u0142 Latos<\/strong> \u2013 w\u0142o\u017cy\u0142 gigantyczn\u0105 prac\u0119 i serce w uporz\u0105dkowanie tego miejsca. Bez niego i jego zaanga\u017cowania nic by z ca\u0142ej akcji nie wysz\u0142o;<br \/>\n<strong>Zofia So\u0142owiej<\/strong> \u2013 sprezentowa\u0142a nam kraw\u0119\u017cniki, dzi\u0119ki czemu uda\u0142o si\u0119 wydzieli\u0107 miejsce poch\u00f3wku ksi\u0119dza;<br \/>\n<strong>Sebastian Stercel<\/strong> \u2013 u\u017cyczy\u0142 nam swojego samochodu i przewi\u00f3z\u0142 kraw\u0119\u017cniki z jednego na drugi koniec L\u0105dka-Zdroju;<br \/>\n<strong>Karolina Bastin<\/strong> \u2013 przet\u0142umaczy\u0142a nam fragmenty niemieckiej kroniki;<br \/>\n<strong>Ewa Zadora<\/strong> &#8211; przet\u0142umaczy\u0142a listy do parafii w Wittenberdze;<br \/>\n<strong>Arkadiusz Sumik<\/strong> \u2013 wspar\u0142 nas prac\u0105 przy przenoszeniu element\u00f3w nagrobka;<br \/>\n<strong>Roman Magier\u0142o<\/strong> \u2013 wspar\u0142 nas\u00a0 logistyczne;<br \/>\n<strong>Tomasz Stopyra<\/strong> i firma Sodacelan \u2013 wypiaskowali nam krzy\u017c;<br \/>\n<strong>Artur Osuch<\/strong> \u2013 niesamowicie\u00a0 odrestaurowa\u0142 \u017celiwny krzy\u017c na gr\u00f3b ksi\u0119dza;<br \/>\n<strong>Pawe\u0142 Rugowski<\/strong> \u2013 pom\u00f3g\u0142 przygotowa\u0107 krzy\u017c do osadzenia w nagrobku.<br \/>\nDzi\u0119kuj\u0119 te\u017c p. <strong>Alicji<\/strong> z kancelarii parafialnej za dopingowanie i wspieranie rad\u0105 oraz pomoc\u0105.<\/p>\n<p style=\"text-align: justify;\">Wszyscy zaanga\u017cowani w dzia\u0142ania wykonali swoj\u0105 prac\u0119 ca\u0142kowicie bezinteresownie, za co z ca\u0142ego serca dzi\u0119kujemy.<\/p>\n<p style=\"text-align: justify;\">Informacje o ksi\u0119dzu Maximilianie Lipce zaczerpn\u0119li\u015bmy z dost\u0119pnych w internecie schematyzm\u00f3w diecezjalnych, zdigitalizowanej przedwojennej prasy l\u0105deckiej oraz z kroniki parafii \u015bw. Henryka w Wittenberdze, kt\u00f3r\u0105 nades\u0142a\u0142 nam obecny proboszcz tej\u017ce parafii.<\/p>\n<p style=\"text-align: justify;\">Je\u015bli chcecie, to mo\u017cecie wesprze\u0107 nas darowizn\u0105, bo chocia\u017c wykonujemy prace spo\u0142ecznie to materia\u0142y niezb\u0119dne do naszych dzia\u0142a\u0144 niestety kosztuj\u0105 i cz\u0119sto, ze wzgl\u0119du na fundusze, musimy z czego\u015b rezygnowa\u0107.<\/p>\n<p style=\"text-align: justify;\">L\u0105deckie Towarzystwo Historyczno-Eksploracyjne<br \/>\n57-540 L\u0105dek-Zdr\u00f3j, Plac Starom\u0142y\u0144ski 2\/1<br \/>\nNr konta: 02 9588 0004 3903 2955 2000 0010<br \/>\nGospodarczy Bank Sp\u00f3\u0142dzielczy w Strzelinie Oddzia\u0142 w L\u0105dku-Zdroju.<\/p>\n<p style=\"text-align: justify;\">Je\u015bli chcecie si\u0119 zaanga\u017cowa\u0107 w dzia\u0142ania to serdecznie zapraszamy w nasze szeregi.<\/p>\n","protected":false},"excerpt":{"rendered":"<p>Ksi\u0105dz Maximilian Lipka &#8211; urodzi\u0142 si\u0119 25 pa\u017adziernika 1874 w Wriezen (obecnie powiat M\u00e4rkisch-Oderland, land Brandenburgia). Nie uda\u0142o nam si\u0119 dotrze\u0107 do tego jakie imi\u0119 nosi\u0142 jego ojciec, matk\u0105 by\u0142a Antonie z domu Steike. Maximilian \u015bwi\u0119cenia kap\u0142a\u0144skie przyj\u0105\u0142 20 czerwca 1903 roku i sprawowa\u0142 pos\u0142ug\u0119 w parafiach: Ko\u015bci\u00f3\u0142 pw. \u015bw. Franciszka z Asy\u017cu, Zaborze-Zabrze, Kreis Zabrze, 03.10.1903 &#8211; 20.11.1904; St.-Michael-Kirche (Ko\u015bci\u00f3\u0142 Archanio\u0142a Micha\u0142a), Berlin, 20.11.1904 &#8211; 17.01.1908; Heilig Kreuz (ko\u015bci\u00f3\u0142 \u015awi\u0119tego Krzy\u017ca), Wittstock, Kreis Ostprignitz, Missionspfarrei 17.01.1908 &#8211; 15.03.1915; Kirche&#8230;<\/p>\n<p class=\"read-more\"><a class=\"btn btn-default\" href=\"http:\/\/www.przyladekhistorii.pl\/index.php\/2020\/07\/07\/ksiadz-maximilian-lipka\/\"> Read More<span class=\"screen-reader-text\">  Read More<\/span><\/a><\/p>\n","protected":false},"author":1,"featured_media":2303,"comment_status":"open","ping_status":"open","sticky":false,"template":"","format":"standard","meta":[],"categories":[26,4,35],"tags":[],"_links":{"self":[{"href":"http:\/\/www.przyladekhistorii.pl\/index.php\/wp-json\/wp\/v2\/posts\/2305"}],"collection":[{"href":"http:\/\/www.przyladekhistorii.pl\/index.php\/wp-json\/wp\/v2\/posts"}],"about":[{"href":"http:\/\/www.przyladekhistorii.pl\/index.php\/wp-json\/wp\/v2\/types\/post"}],"author":[{"embeddable":true,"href":"http:\/\/www.przyladekhistorii.pl\/index.php\/wp-json\/wp\/v2\/users\/1"}],"replies":[{"embeddable":true,"href":"http:\/\/www.przyladekhistorii.pl\/index.php\/wp-json\/wp\/v2\/comments?post=2305"}],"version-history":[{"count":3,"href":"http:\/\/www.przyladekhistorii.pl\/index.php\/wp-json\/wp\/v2\/posts\/2305\/revisions"}],"predecessor-version":[{"id":2333,"href":"http:\/\/www.przyladekhistorii.pl\/index.php\/wp-json\/wp\/v2\/posts\/2305\/revisions\/2333"}],"wp:featuredmedia":[{"embeddable":true,"href":"http:\/\/www.przyladekhistorii.pl\/index.php\/wp-json\/wp\/v2\/media\/2303"}],"wp:attachment":[{"href":"http:\/\/www.przyladekhistorii.pl\/index.php\/wp-json\/wp\/v2\/media?parent=2305"}],"wp:term":[{"taxonomy":"category","embeddable":true,"href":"http:\/\/www.przyladekhistorii.pl\/index.php\/wp-json\/wp\/v2\/categories?post=2305"},{"taxonomy":"post_tag","embeddable":true,"href":"http:\/\/www.przyladekhistorii.pl\/index.php\/wp-json\/wp\/v2\/tags?post=2305"}],"curies":[{"name":"wp","href":"https:\/\/api.w.org\/{rel}","templated":true}]}}