{"id":3514,"date":"2023-07-07T16:40:12","date_gmt":"2023-07-07T14:40:12","guid":{"rendered":"http:\/\/www.przyladekhistorii.pl\/?p=3514"},"modified":"2023-07-07T16:40:14","modified_gmt":"2023-07-07T14:40:14","slug":"80-rocznica-rzezi-wolynskiej","status":"publish","type":"post","link":"http:\/\/www.przyladekhistorii.pl\/index.php\/2023\/07\/07\/80-rocznica-rzezi-wolynskiej\/","title":{"rendered":"80 rocznica rzezi wo\u0142y\u0144skiej"},"content":{"rendered":"\n<div class=\"x1e56ztr\" data-block=\"true\" data-editor=\"26ajt\" data-offset-key=\"8a7ho-0-0\">\n<div class=\"_1mf _1mj\" style=\"text-align: justify;\" data-offset-key=\"8a7ho-0-0\"><span data-offset-key=\"8a7ho-0-0\">Cmentarz<\/span><span data-offset-key=\"8a7ho-1-0\"> parafialny, a na nim, na jednym z nagrobk\u00f3w, niepozorna tabliczka z lakonicznym tekstem:<\/span><\/div>\n<\/div>\n<div class=\"x1e56ztr\" data-block=\"true\" data-editor=\"26ajt\" data-offset-key=\"44gac-0-0\">\n<div class=\"_1mf _1mj\" style=\"text-align: center;\" data-offset-key=\"44gac-0-0\"><span data-offset-key=\"44gac-0-0\">GR\u00d3B SYMBOLICZNY<\/span><\/div>\n<\/div>\n<div class=\"x1e56ztr\" style=\"text-align: center;\" data-block=\"true\" data-editor=\"26ajt\" data-offset-key=\"6s5ep-0-0\">\n<div class=\"_1mf _1mj\" data-offset-key=\"6s5ep-0-0\"><span data-offset-key=\"6s5ep-0-0\">\u015a.P.<\/span><\/div>\n<\/div>\n<div class=\"x1e56ztr\" style=\"text-align: center;\" data-block=\"true\" data-editor=\"26ajt\" data-offset-key=\"eti7d-0-0\">\n<div class=\"_1mf _1mj\" data-offset-key=\"eti7d-0-0\"><span data-offset-key=\"eti7d-0-0\">STANIS\u0141AW<\/span><\/div>\n<\/div>\n<div class=\"x1e56ztr\" style=\"text-align: center;\" data-block=\"true\" data-editor=\"26ajt\" data-offset-key=\"4plp9-0-0\">\n<div class=\"_1mf _1mj\" data-offset-key=\"4plp9-0-0\"><span data-offset-key=\"4plp9-0-0\">SOSNOWSKI<\/span><\/div>\n<\/div>\n<div class=\"x1e56ztr\" style=\"text-align: center;\" data-block=\"true\" data-editor=\"26ajt\" data-offset-key=\"8cl1d-0-0\">\n<div class=\"_1mf _1mj\" data-offset-key=\"8cl1d-0-0\"><span data-offset-key=\"8cl1d-0-0\">1921 \u2013 1943<\/span><\/div>\n<\/div>\n<div class=\"x1e56ztr\" data-block=\"true\" data-editor=\"26ajt\" data-offset-key=\"5icdp-0-0\">\n<div class=\"_1mf _1mj\" style=\"text-align: center;\" data-offset-key=\"5icdp-0-0\"><span data-offset-key=\"5icdp-0-0\">ZAGIN\u0104\u0141 BEZ WIE\u015aCI<\/span><\/div>\n<\/div>\n<div class=\"x1e56ztr\" data-block=\"true\" data-editor=\"26ajt\" data-offset-key=\"bugmq-0-0\">\n<div class=\"_1mf _1mj\" style=\"text-align: justify;\" data-offset-key=\"bugmq-0-0\"><span data-offset-key=\"bugmq-0-0\">Stanis\u0142aw Sosnowski przed 80 laty mieszka\u0142 razem ze swoj\u0105 rodzin\u0105 w przysi\u00f3\u0142ku Popiel\u00f3w nale\u017c\u0105cym do wsi Kutyska pow. T\u0142umacz w przedwojennym wojew\u00f3dztwie stanis\u0142awowskim. By\u0142a to osada licz\u0105ca raptem kilkana\u015bcie cha\u0142up. Zimow\u0105 noc\u0105 1943 roku do Popielowa wtargn\u0119li banderowcy z UPA, zabrali par\u0119 koni i uprowadzili Stanis\u0142awa, kt\u00f3ry zagin\u0105\u0142 bez \u015bladu. Je\u017celi B\u00f3g by\u0142 \u0142askawy to zes\u0142a\u0142 na niego szybk\u0105 i bezbolesn\u0105 \u015bmier\u0107. Mo\u017ce nie cierpia\u0142 jak inni obdzierani \u017cywcem ze sk\u00f3ry, \u0107wiartowani czy przepi\u0142owywani na p\u00f3\u0142.<\/span><\/div>\n<\/div>\n<div class=\"x1e56ztr\" style=\"text-align: justify;\" data-block=\"true\" data-editor=\"26ajt\" data-offset-key=\"f02v4-0-0\">\n<div class=\"_1mf _1mj\" data-offset-key=\"f02v4-0-0\"><span data-offset-key=\"f02v4-0-0\">Stanis\u0142aw Sosnowski, mimo i\u017c nie ma swojego grobu i nie wiemy, gdzie spoczywaj\u0105 jego szcz\u0105tki, to przetrwa\u0142 w pami\u0119ci bliskich, bo tym by\u0142o dane prze\u017cy\u0107 szale\u0144stwo jakie ogarn\u0119\u0142o cz\u0119\u015b\u0107 Ukrai\u0144c\u00f3w w okresie II wojny. Dziesi\u0105tki tysi\u0119cy innych ofiar nadal spoczywa w bezimiennych do\u0142ach \u015bmierci, zasypanych studniach czy spalonych domach, dzisiaj ju\u017c zaro\u015bni\u0119tych przez las.<\/span><\/div>\n<div data-offset-key=\"f02v4-0-0\"><img loading=\"lazy\" class=\"aligncenter wp-image-3515 size-large\" src=\"http:\/\/www.przyladekhistorii.pl\/wp-content\/uploads\/2023\/07\/sosnowski-1024x723.jpg\" alt=\"\" width=\"640\" height=\"452\" srcset=\"http:\/\/www.przyladekhistorii.pl\/wp-content\/uploads\/2023\/07\/sosnowski-1024x723.jpg 1024w, http:\/\/www.przyladekhistorii.pl\/wp-content\/uploads\/2023\/07\/sosnowski-300x212.jpg 300w, http:\/\/www.przyladekhistorii.pl\/wp-content\/uploads\/2023\/07\/sosnowski-768x543.jpg 768w, http:\/\/www.przyladekhistorii.pl\/wp-content\/uploads\/2023\/07\/sosnowski-1536x1085.jpg 1536w, http:\/\/www.przyladekhistorii.pl\/wp-content\/uploads\/2023\/07\/sosnowski-2048x1447.jpg 2048w, http:\/\/www.przyladekhistorii.pl\/wp-content\/uploads\/2023\/07\/sosnowski-382x270.jpg 382w\" sizes=\"(max-width: 640px) 100vw, 640px\" \/><\/div>\n<\/div>\n<div class=\"x1e56ztr\" style=\"text-align: justify;\" data-block=\"true\" data-editor=\"26ajt\" data-offset-key=\"c9b1d-0-0\">\n<div class=\"_1mf _1mj\" data-offset-key=\"c9b1d-0-0\"><span data-offset-key=\"c9b1d-0-0\">Do dzisiaj, pomimo up\u0142ywu ponad 80 lat zbrodnia ta nie doczeka\u0142a si\u0119 \u017cadnego uczciwego zako\u0144czenia. Pa\u0144stwo polskie nie zada\u0142o sobie trudu, \u017ceby odszuka\u0107 i godnie pogrzeba\u0107 dziesi\u0105tki tysi\u0119cy swoich obywateli, kt\u00f3rzy stali si\u0119 na Wo\u0142yniu i w Ma\u0142opolsce Wschodniej ofiarami ludob\u00f3jczej dzia\u0142alno\u015bci Ukrai\u0144skiej Powsta\u0144czej Armii. Spoczywaj\u0105 oni ci\u0105gle w coraz trudniejszych do odszukania zbiorowych lub pojedynczych mogi\u0142ach. Po wojnie \u017caden mi\u0119dzynarodowy s\u0105d nie os\u0105dzi\u0142 sprawc\u00f3w, a \u017c\u0105dania upami\u0119tnienia pomordowanych i ich godnego, chrze\u015bcija\u0144skiego poch\u00f3wku gin\u0105 we wrzawie bie\u017c\u0105cej polityki. G\u0142os tych, kt\u00f3rzy ocaleli, nie ma szans, \u017ceby trafi\u0107 do szeroko rozumianej opinii publicznej. Ojciec ksi\u0119dza Tadeusza Isakowicza-Zalewskiego powiedzia\u0142: \u201cKresowian zabito dwukrotnie, raz przez ciosy siekier\u0105, drugi raz przez przemilczenie. A ta druga \u015bmier\u0107 jest gorsza od pierwszej\u201d.<\/span><\/div>\n<\/div>\n<div class=\"x1e56ztr\" style=\"text-align: justify;\" data-block=\"true\" data-editor=\"26ajt\" data-offset-key=\"1aq00-0-0\">\n<div class=\"_1mf _1mj\" data-offset-key=\"1aq00-0-0\"><span data-offset-key=\"1aq00-0-0\">11 lipca obchodzimy Narodowy Dzie\u0144 Pami\u0119ci Ofiar Ludob\u00f3jstwa dokonanego przez ukrai\u0144skich nacjonalist\u00f3w na obywatelach II Rzeczypospolitej Polskiej. \u015awi\u0119to upami\u0119tnienia ofiary rzezi wo\u0142y\u0144skiej i innych mord\u00f3w dokonanych na obywatelach II Rzeczypospolitej przez ukrai\u0144skich nacjonalist\u00f3w 11 lipca 1943 roku, w tzw. krwaw\u0105 niedziel\u0119, b\u0119d\u0105c\u0105 punktem kulminacyjnym masowych eksterminacji polskiej ludno\u015bci cywilnej na Wo\u0142yniu przez OUN, UPA, wspieranych przez lokaln\u0105 ludno\u015b\u0107 ukrai\u0144sk\u0105.<\/span><\/div>\n<\/div>\n<div class=\"x1e56ztr\" style=\"text-align: justify;\" data-block=\"true\" data-editor=\"26ajt\" data-offset-key=\"da1qe-0-0\">\n<div class=\"_1mf _1mj\" data-offset-key=\"da1qe-0-0\"><span data-offset-key=\"da1qe-0-0\">W L\u0105dku-Zdroju nie mamy miejsca upami\u0119tnienia ofiar tej zbrodni, postarajmy si\u0119 wi\u0119c tego dnia zapali\u0107 znicz na symbolicznym grobie Stanis\u0142awa Sosnowskiego. Niech ten znicz b\u0119dzie symbolicznym zapaleniem zniczy na tysi\u0105cach nieoznaczonych grob\u00f3w Polak\u00f3w, Ormian, Czech\u00f3w, W\u0119gr\u00f3w, a nawet tych Ukrai\u0144c\u00f3w, kt\u00f3rzy nie dali si\u0119 ponie\u015b\u0107 szale\u0144stwu i w godzin\u0119 pr\u00f3by zdali egzamin z prawo\u015bci i podj\u0119li si\u0119 ratowania swoich s\u0105siad\u00f3w za co zap\u0142acili najwy\u017csz\u0105 cen\u0119. Cen\u0119 \u017cycia.<\/span><\/div>\n<\/div>\n<div class=\"x1e56ztr\" data-block=\"true\" data-editor=\"26ajt\" data-offset-key=\"4q7md-0-0\">\n<div class=\"_1mf _1mj\" style=\"text-align: justify;\" data-offset-key=\"4q7md-0-0\"><span data-offset-key=\"4q7md-0-0\">Symboliczny gr\u00f3b Stanis\u0142awa Sosnowskiego znajduje si\u0119 na cmentarzu parafialnym. Zaraz za bram\u0105 nale\u017cy skr\u0119ci\u0107 w lewo, gr\u00f3b jest w drugim rz\u0119dzie, zaraz przy \u015bcie\u017cce wiod\u0105cej wzd\u0142u\u017c muru cmentarnego.<\/span><\/div>\n<\/div>\n","protected":false},"excerpt":{"rendered":"<p>Cmentarz parafialny, a na nim, na jednym z nagrobk\u00f3w, niepozorna tabliczka z lakonicznym tekstem: GR\u00d3B SYMBOLICZNY \u015a.P. STANIS\u0141AW SOSNOWSKI 1921 \u2013 1943 ZAGIN\u0104\u0141 BEZ WIE\u015aCI Stanis\u0142aw Sosnowski przed 80 laty mieszka\u0142 razem ze swoj\u0105 rodzin\u0105 w przysi\u00f3\u0142ku Popiel\u00f3w nale\u017c\u0105cym do wsi Kutyska pow. T\u0142umacz w przedwojennym wojew\u00f3dztwie stanis\u0142awowskim. By\u0142a to osada licz\u0105ca raptem kilkana\u015bcie cha\u0142up. Zimow\u0105 noc\u0105 1943 roku do Popielowa wtargn\u0119li banderowcy z UPA, zabrali par\u0119 koni i uprowadzili Stanis\u0142awa, kt\u00f3ry zagin\u0105\u0142 bez \u015bladu. Je\u017celi B\u00f3g by\u0142 \u0142askawy to&#8230;<\/p>\n<p class=\"read-more\"><a class=\"btn btn-default\" href=\"http:\/\/www.przyladekhistorii.pl\/index.php\/2023\/07\/07\/80-rocznica-rzezi-wolynskiej\/\"> Read More<span class=\"screen-reader-text\">  Read More<\/span><\/a><\/p>\n","protected":false},"author":1,"featured_media":3515,"comment_status":"open","ping_status":"open","sticky":false,"template":"","format":"standard","meta":[],"categories":[1],"tags":[],"_links":{"self":[{"href":"http:\/\/www.przyladekhistorii.pl\/index.php\/wp-json\/wp\/v2\/posts\/3514"}],"collection":[{"href":"http:\/\/www.przyladekhistorii.pl\/index.php\/wp-json\/wp\/v2\/posts"}],"about":[{"href":"http:\/\/www.przyladekhistorii.pl\/index.php\/wp-json\/wp\/v2\/types\/post"}],"author":[{"embeddable":true,"href":"http:\/\/www.przyladekhistorii.pl\/index.php\/wp-json\/wp\/v2\/users\/1"}],"replies":[{"embeddable":true,"href":"http:\/\/www.przyladekhistorii.pl\/index.php\/wp-json\/wp\/v2\/comments?post=3514"}],"version-history":[{"count":2,"href":"http:\/\/www.przyladekhistorii.pl\/index.php\/wp-json\/wp\/v2\/posts\/3514\/revisions"}],"predecessor-version":[{"id":3517,"href":"http:\/\/www.przyladekhistorii.pl\/index.php\/wp-json\/wp\/v2\/posts\/3514\/revisions\/3517"}],"wp:featuredmedia":[{"embeddable":true,"href":"http:\/\/www.przyladekhistorii.pl\/index.php\/wp-json\/wp\/v2\/media\/3515"}],"wp:attachment":[{"href":"http:\/\/www.przyladekhistorii.pl\/index.php\/wp-json\/wp\/v2\/media?parent=3514"}],"wp:term":[{"taxonomy":"category","embeddable":true,"href":"http:\/\/www.przyladekhistorii.pl\/index.php\/wp-json\/wp\/v2\/categories?post=3514"},{"taxonomy":"post_tag","embeddable":true,"href":"http:\/\/www.przyladekhistorii.pl\/index.php\/wp-json\/wp\/v2\/tags?post=3514"}],"curies":[{"name":"wp","href":"https:\/\/api.w.org\/{rel}","templated":true}]}}