{"id":3531,"date":"2023-10-06T20:23:35","date_gmt":"2023-10-06T18:23:35","guid":{"rendered":"http:\/\/www.przyladekhistorii.pl\/?p=3531"},"modified":"2023-10-06T20:23:37","modified_gmt":"2023-10-06T18:23:37","slug":"oznaczenie-grobu-tadeusza-nogasa","status":"publish","type":"post","link":"https:\/\/www.przyladekhistorii.pl\/index.php\/2023\/10\/06\/oznaczenie-grobu-tadeusza-nogasa\/","title":{"rendered":"Oznaczenie grobu Tadeusza Nogasa"},"content":{"rendered":"\n<p>Dzisiaj o godzinie 12 na cmentarzu parafialnym mia\u0142a miejsce podnios\u0142a uroczysto\u015b\u0107 oznaczenia grobu Tadeusza Nogasa &#8211; powsta\u0144ca \u015bl\u0105skiego.<br \/>Uroczysto\u015b\u0107 oznaczenia grobu god\u0142em &#8220;Tobie Polsko&#8221; zorganizowana zosta\u0142a przez katowicki oddzia\u0142 Instytutu Pami\u0119ci Narodowej.<br \/>W uroczysto\u015bci wzi\u0119\u0142a udzia\u0142 delegacja Oddzia\u0142owego Biura Upami\u0119tniania Walk i M\u0119cze\u0144stwa IPN w Katowicach na czele z naczelnikiem Janem Kwa\u015bniewiczem oraz delegacja Oddzia\u0142owego Biura Upami\u0119tniania Walk i M\u0119cze\u0144stwa IPN we Wroc\u0142awiu na czele z naczelnikiem Wojciechem Tr\u0119baczem. Obie l\u0105deckie szko\u0142y wystawi\u0142y poczty sztandarowe. W uroczysto\u015bci uczestniczyli tak\u017ce ks. proboszcz Aleksander Trojan, wiceburmistrz Alicja Piwowar, przewodnicz\u0105ca rady miejskiej Ma\u0142gorzata Bednarek, radna Daria Skrobotun oraz dru\u017cyna harcerska.<br \/>Obecni byli te\u017c mieszka\u0144cy L\u0105dka-Zdroju.<br \/>Warta honorowa oraz oprawa muzyczna by\u0142y dzie\u0142em garnizon\u00f3w wojska z K\u0142odzka oraz Wroc\u0142awia.<br \/>Uhonorowanie grobu Tadeusza Nogasa jest w zasadzie zwie\u0144czeniem naszej czteroletniej pracy dotycz\u0105cej przypomnienia i utrwalenia w lokalnej pami\u0119ci bohatera III powstania \u015bl\u0105skiego. Kropk\u0105 na &#8220;i&#8221; wie\u0144cz\u0105c\u0105 dzie\u0142o b\u0119dzie znalezienie zdj\u0119cia Tadeusza Nogasa, tak \u017ceby mia\u0142 on jak\u0105\u015b konkretn\u0105 twarz. Ci\u0105gle liczymy na to, \u017ce uda nam si\u0119 natrafi\u0107 na takie zdj\u0119cie w czyi\u015b l\u0105deckich zbiorach.<br \/>___<br \/>Zdj\u0119cie: Pawe\u0142 Latos<\/p>\n<p><img loading=\"lazy\" class=\"aligncenter wp-image-3527 size-large\" src=\"http:\/\/www.przyladekhistorii.pl\/wp-content\/uploads\/2023\/10\/386472105_1070460364336783_3187062339390821789_n-768x1024.jpg\" alt=\"\" width=\"640\" height=\"853\" srcset=\"https:\/\/www.przyladekhistorii.pl\/wp-content\/uploads\/2023\/10\/386472105_1070460364336783_3187062339390821789_n-768x1024.jpg 768w, https:\/\/www.przyladekhistorii.pl\/wp-content\/uploads\/2023\/10\/386472105_1070460364336783_3187062339390821789_n-225x300.jpg 225w, https:\/\/www.przyladekhistorii.pl\/wp-content\/uploads\/2023\/10\/386472105_1070460364336783_3187062339390821789_n-1152x1536.jpg 1152w, https:\/\/www.przyladekhistorii.pl\/wp-content\/uploads\/2023\/10\/386472105_1070460364336783_3187062339390821789_n-203x270.jpg 203w, https:\/\/www.przyladekhistorii.pl\/wp-content\/uploads\/2023\/10\/386472105_1070460364336783_3187062339390821789_n.jpg 1500w\" sizes=\"(max-width: 640px) 100vw, 640px\" \/><\/p>\n","protected":false},"excerpt":{"rendered":"<p>Dzisiaj o godzinie 12 na cmentarzu parafialnym mia\u0142a miejsce podnios\u0142a uroczysto\u015b\u0107 oznaczenia grobu Tadeusza Nogasa &#8211; powsta\u0144ca \u015bl\u0105skiego.Uroczysto\u015b\u0107 oznaczenia grobu god\u0142em &#8220;Tobie Polsko&#8221; zorganizowana zosta\u0142a przez katowicki oddzia\u0142 Instytutu Pami\u0119ci Narodowej.W uroczysto\u015bci wzi\u0119\u0142a udzia\u0142 delegacja Oddzia\u0142owego Biura Upami\u0119tniania Walk i M\u0119cze\u0144stwa IPN w Katowicach na czele z naczelnikiem Janem Kwa\u015bniewiczem oraz delegacja Oddzia\u0142owego Biura Upami\u0119tniania Walk i M\u0119cze\u0144stwa IPN we Wroc\u0142awiu na czele z naczelnikiem Wojciechem Tr\u0119baczem. Obie l\u0105deckie szko\u0142y wystawi\u0142y poczty sztandarowe. W uroczysto\u015bci uczestniczyli tak\u017ce ks. proboszcz Aleksander&#8230;<\/p>\n<p class=\"read-more\"><a class=\"btn btn-default\" href=\"https:\/\/www.przyladekhistorii.pl\/index.php\/2023\/10\/06\/oznaczenie-grobu-tadeusza-nogasa\/\"> Read More<span class=\"screen-reader-text\">  Read More<\/span><\/a><\/p>\n","protected":false},"author":1,"featured_media":3532,"comment_status":"open","ping_status":"open","sticky":false,"template":"","format":"standard","meta":[],"categories":[1],"tags":[],"_links":{"self":[{"href":"https:\/\/www.przyladekhistorii.pl\/index.php\/wp-json\/wp\/v2\/posts\/3531"}],"collection":[{"href":"https:\/\/www.przyladekhistorii.pl\/index.php\/wp-json\/wp\/v2\/posts"}],"about":[{"href":"https:\/\/www.przyladekhistorii.pl\/index.php\/wp-json\/wp\/v2\/types\/post"}],"author":[{"embeddable":true,"href":"https:\/\/www.przyladekhistorii.pl\/index.php\/wp-json\/wp\/v2\/users\/1"}],"replies":[{"embeddable":true,"href":"https:\/\/www.przyladekhistorii.pl\/index.php\/wp-json\/wp\/v2\/comments?post=3531"}],"version-history":[{"count":1,"href":"https:\/\/www.przyladekhistorii.pl\/index.php\/wp-json\/wp\/v2\/posts\/3531\/revisions"}],"predecessor-version":[{"id":3533,"href":"https:\/\/www.przyladekhistorii.pl\/index.php\/wp-json\/wp\/v2\/posts\/3531\/revisions\/3533"}],"wp:featuredmedia":[{"embeddable":true,"href":"https:\/\/www.przyladekhistorii.pl\/index.php\/wp-json\/wp\/v2\/media\/3532"}],"wp:attachment":[{"href":"https:\/\/www.przyladekhistorii.pl\/index.php\/wp-json\/wp\/v2\/media?parent=3531"}],"wp:term":[{"taxonomy":"category","embeddable":true,"href":"https:\/\/www.przyladekhistorii.pl\/index.php\/wp-json\/wp\/v2\/categories?post=3531"},{"taxonomy":"post_tag","embeddable":true,"href":"https:\/\/www.przyladekhistorii.pl\/index.php\/wp-json\/wp\/v2\/tags?post=3531"}],"curies":[{"name":"wp","href":"https:\/\/api.w.org\/{rel}","templated":true}]}}